{"id":7668,"date":"2022-01-21T15:15:06","date_gmt":"2022-01-21T14:15:06","guid":{"rendered":"https:\/\/www.fxbodin.com\/iboga\/?p=7668"},"modified":"2022-01-21T15:39:30","modified_gmt":"2022-01-21T14:39:30","slug":"exploit-yves-parlier-2001","status":"publish","type":"post","link":"https:\/\/www.fxbodin.com\/iboga\/histoires-et-portraits\/exploit-yves-parlier-2001-7668","title":{"rendered":"[Exploit] Il y a 21 ans, l&rsquo;extraterrestre faisait une escale technique en Nouvelle-Z\u00e9lande"},"content":{"rendered":"<p>En classant un lot de revues nautiques chez moi, je tombe sur ce num\u00e9ro de Voiles et Voiliers fe\u0301vrier 2001. \u00c0 la Une : un Yves Parlier barbu pose pour un selfie, l&rsquo;air un peu fatigu\u00e9 mais satisfait, devant son mat reconstitu\u00e9 suite \u00e0 son d\u00e9m\u00e2tage.<\/p>\n<div id=\"attachment_7669\" style=\"width: 760px\" class=\"wp-caption aligncenter\"><img loading=\"lazy\" decoding=\"async\" aria-describedby=\"caption-attachment-7669\" src=\"https:\/\/www.fxbodin.com\/iboga\/files\/Voiles-et-Voiliers-Yves-Parlier-fe\u0301vrier-2001-750x1000.jpg\" alt=\"Voiles et Voiliers Yves Parlier fe\u0301vrier 2001\" width=\"750\" height=\"1000\" class=\"size-large wp-image-7669\" srcset=\"https:\/\/www.fxbodin.com\/iboga\/files\/Voiles-et-Voiliers-Yves-Parlier-fe\u0301vrier-2001-750x1000.jpg 750w, https:\/\/www.fxbodin.com\/iboga\/files\/Voiles-et-Voiliers-Yves-Parlier-fe\u0301vrier-2001-450x600.jpg 450w, https:\/\/www.fxbodin.com\/iboga\/files\/Voiles-et-Voiliers-Yves-Parlier-fe\u0301vrier-2001-768x1024.jpg 768w, https:\/\/www.fxbodin.com\/iboga\/files\/Voiles-et-Voiliers-Yves-Parlier-fe\u0301vrier-2001-1152x1536.jpg 1152w, https:\/\/www.fxbodin.com\/iboga\/files\/Voiles-et-Voiliers-Yves-Parlier-fe\u0301vrier-2001-1536x2048.jpg 1536w, https:\/\/www.fxbodin.com\/iboga\/files\/Voiles-et-Voiliers-Yves-Parlier-fe\u0301vrier-2001-scaled.jpg 1920w\" sizes=\"auto, (max-width: 750px) 100vw, 750px\" \/><p id=\"caption-attachment-7669\" class=\"wp-caption-text\">Voiles et Voiliers c\u00e9l\u00e8bre l&rsquo;exploit d&rsquo;Yves Parlier &#8211; fe\u0301vrier 2001<\/p><\/div>\n<p>C&rsquo;est un exploit contemporain face auquel tout marin ne peut qu&rsquo;\u00eatre qu&rsquo;admiratif. D&rsquo;autant plus pour une figure famili\u00e8re sur le bassin d&rsquo;Arcachon et pour tous les aquitains puisque Yves Parlier naviguait alors sous les couleurs de notre r\u00e9gion. Quelques ann\u00e9es plus t\u00f4t, j&rsquo;avais d&rsquo;ailleurs particip\u00e9 \u00e0 la f\u00eate d&rsquo;anniversaire donn\u00e9e par le Conseil r\u00e9gional, o\u00f9 je travaillais, et j&rsquo;ai gard\u00e9 une affiche d\u00e9dicac\u00e9e d&rsquo;Aquitaine Innovations.<\/p>\n<p>En 2000, donc, 24 concurrents prennent le d\u00e9part de la 4e \u00e9dition du Vend\u00e9e Globe. Plusieurs semaines durant, Yves Parlier domine la flotte. Jusqu&rsquo;au 18 d\u00e9cembre, au large des c\u00f4tes australiennes, les cinquanti\u00e8mes hurlants : dans des vents violents, son m\u00e2t de 27 m\u00e8tres se brise en trois.<\/p>\n<p>Yves d\u00e9cide alors de r\u00e9parer lui-m\u00eame son m\u00e2t, seul et sans assistance, pour finir, class\u00e9, son tour du monde.<\/p>\n<p>Il m\u00e8nera son bateau jusqu&rsquo;\u00e0 un mouillage de <a href=\"https:\/\/goo.gl\/maps\/PgQAPgqRPRxoiscU8\">l&rsquo;\u00eele Stewart<\/a>, dans le sud de la Nouvelle-Z\u00e9lande, o\u00f9 son ing\u00e9niosit\u00e9, ses comp\u00e9tences \u2014 il est quand m\u00eame ing\u00e9nieur en composites \u2014 et sa pers\u00e9v\u00e9rance lui permettront de fabriquer en 10 journ\u00e9es de 15 heure un gr\u00e9ement de fortune avant de reprendre la route. Il ne lui restera plus qu&rsquo;\u00e0 g\u00e9rer ses r\u00e9serves d&rsquo;alimentation&#8230;<\/p>\n<p>C\u00e9l\u00e9br\u00e9 comme un h\u00e9ros, bien plus que s&rsquo;il avait gagn\u00e9 et davantage que les vainqueurs de la course, il passe la ligne apr\u00e8s 126 jours, \u00e0 la 13e place.<\/p>\n<p>Je me souviens que ce m\u00e2t a tra\u00een\u00e9 quelques ann\u00e9es sur la zone technique du port de plaisance d&rsquo;Arcachon&#8230; T\u00e9moin d&rsquo;une aventure sportive et humaine.<\/p>\n<p>Le r\u00e9cit de l&rsquo;aventure sur ce documentaire de la t\u00e9v\u00e9 :<\/p>\n<div style=\"width: 640px;\" class=\"wp-video\"><!--[if lt IE 9]><script>document.createElement('video');<\/script><![endif]-->\n<video class=\"wp-video-shortcode\" id=\"video-7668-1\" width=\"640\" height=\"360\" preload=\"metadata\" controls=\"controls\"><source type=\"video\/mp4\" src=\"https:\/\/www.fxbodin.com\/iboga\/files\/Vendee-Globe-2000-Yves-Parlier.mp4?_=1\" \/><a href=\"https:\/\/www.fxbodin.com\/iboga\/files\/Vendee-Globe-2000-Yves-Parlier.mp4\">https:\/\/www.fxbodin.com\/iboga\/files\/Vendee-Globe-2000-Yves-Parlier.mp4<\/a><\/video><\/div>\n<p id=\"\" class=\"wp-caption-text\">&#x1f39e; <a href=\"https:\/\/www.youtube.com\/watch?v=3RejLvoT5d0\">Lien vers la source sur Youtube<\/a><\/p>\n","protected":false},"excerpt":{"rendered":"<p>En classant un lot de revues nautiques chez moi, je tombe sur ce num\u00e9ro de Voiles et Voiliers fe\u0301vrier 2001. \u00c0 la Une : un Yves Parlier barbu pose pour un selfie, l&rsquo;air un peu fatigu\u00e9 mais satisfait, devant son mat reconstitu\u00e9 suite \u00e0 son d\u00e9m\u00e2tage. C&rsquo;est un exploit contemporain face auquel tout marin ne [&hellip;]<\/p>\n","protected":false},"author":1,"featured_media":7676,"comment_status":"open","ping_status":"open","sticky":false,"template":"","format":"standard","meta":{"footnotes":""},"categories":[11],"tags":[1029,222,1142,404,670,1143],"class_list":["post-7668","post","type-post","status-publish","format-standard","has-post-thumbnail","hentry","category-histoires-et-portraits","tag-aventure","tag-bricolage","tag-carbone","tag-exploit","tag-parlier","tag-tour-du-monde"],"_links":{"self":[{"href":"https:\/\/www.fxbodin.com\/iboga\/wp-json\/wp\/v2\/posts\/7668","targetHints":{"allow":["GET"]}}],"collection":[{"href":"https:\/\/www.fxbodin.com\/iboga\/wp-json\/wp\/v2\/posts"}],"about":[{"href":"https:\/\/www.fxbodin.com\/iboga\/wp-json\/wp\/v2\/types\/post"}],"author":[{"embeddable":true,"href":"https:\/\/www.fxbodin.com\/iboga\/wp-json\/wp\/v2\/users\/1"}],"replies":[{"embeddable":true,"href":"https:\/\/www.fxbodin.com\/iboga\/wp-json\/wp\/v2\/comments?post=7668"}],"version-history":[{"count":2,"href":"https:\/\/www.fxbodin.com\/iboga\/wp-json\/wp\/v2\/posts\/7668\/revisions"}],"predecessor-version":[{"id":7678,"href":"https:\/\/www.fxbodin.com\/iboga\/wp-json\/wp\/v2\/posts\/7668\/revisions\/7678"}],"wp:featuredmedia":[{"embeddable":true,"href":"https:\/\/www.fxbodin.com\/iboga\/wp-json\/wp\/v2\/media\/7676"}],"wp:attachment":[{"href":"https:\/\/www.fxbodin.com\/iboga\/wp-json\/wp\/v2\/media?parent=7668"}],"wp:term":[{"taxonomy":"category","embeddable":true,"href":"https:\/\/www.fxbodin.com\/iboga\/wp-json\/wp\/v2\/categories?post=7668"},{"taxonomy":"post_tag","embeddable":true,"href":"https:\/\/www.fxbodin.com\/iboga\/wp-json\/wp\/v2\/tags?post=7668"}],"curies":[{"name":"wp","href":"https:\/\/api.w.org\/{rel}","templated":true}]}}