{"id":439,"date":"2007-06-18T11:03:26","date_gmt":"2007-06-18T09:03:26","guid":{"rendered":"http:\/\/www.fxbodin.com\/iboga\/dans-la-vie\/rassemblement-des-bateaux-de-tradition-a-arcachon-439"},"modified":"2020-04-25T22:35:10","modified_gmt":"2020-04-25T21:35:10","slug":"rassemblement-des-bateaux-de-tradition-a-arcachon","status":"publish","type":"post","link":"https:\/\/www.fxbodin.com\/iboga\/tradition\/rassemblement-des-bateaux-de-tradition-a-arcachon-439","title":{"rendered":"Rassemblement des bateaux de tradition \u00e0 Arcachon"},"content":{"rendered":"<p>Rassemblement des bateaux de tradition le samedi 16 juin 2007. Panoramique photographi\u00e9 et confectionn\u00e9 par <a href=\"https:\/\/visuel.free.fr\">Franck Albert<\/a> sur la plage des Arbousiers, tandis que l&rsquo;essentiel des \u00e9quipages (hors champ) est \u00e0 l&rsquo;ap\u00e9ro&#8230;<\/p>\n<div id=\"attachment_6089\" style=\"width: 760px\" class=\"wp-caption aligncenter\"><a href=\"https:\/\/www.fxbodin.com\/iboga\/files\/563699836_287013c4d5_4k-scaled.jpg\"><img loading=\"lazy\" decoding=\"async\" aria-describedby=\"caption-attachment-6089\" src=\"https:\/\/www.fxbodin.com\/iboga\/files\/563699836_287013c4d5_4k-750x104.jpg\" alt=\"Rassemblement des bateaux de tradition \u00e0 Arcachon\" width=\"750\" height=\"104\" class=\"size-large wp-image-6089\" srcset=\"https:\/\/www.fxbodin.com\/iboga\/files\/563699836_287013c4d5_4k-750x104.jpg 750w, https:\/\/www.fxbodin.com\/iboga\/files\/563699836_287013c4d5_4k-450x62.jpg 450w, https:\/\/www.fxbodin.com\/iboga\/files\/563699836_287013c4d5_4k-768x107.jpg 768w, https:\/\/www.fxbodin.com\/iboga\/files\/563699836_287013c4d5_4k-1536x213.jpg 1536w, https:\/\/www.fxbodin.com\/iboga\/files\/563699836_287013c4d5_4k-2048x284.jpg 2048w\" sizes=\"auto, (max-width: 750px) 100vw, 750px\" \/><\/a><p id=\"caption-attachment-6089\" class=\"wp-caption-text\">Rassemblement des bateaux de tradition \u00e0 Arcachon (cliquez)<\/p><\/div>\n","protected":false},"excerpt":{"rendered":"<p>Rassemblement des bateaux de tradition le samedi 16 juin 2007. Panoramique photographi\u00e9 et confectionn\u00e9 par Franck Albert sur la plage des Arbousiers, tandis que l&rsquo;essentiel des \u00e9quipages (hors champ) est \u00e0 l&rsquo;ap\u00e9ro&#8230;<\/p>\n","protected":false},"author":1,"featured_media":6089,"comment_status":"open","ping_status":"open","sticky":false,"template":"","format":"standard","meta":{"footnotes":""},"categories":[25],"tags":[130,188,692,773,1072],"class_list":["post-439","post","type-post","status-publish","format-standard","has-post-thumbnail","hentry","category-tradition","tag-arcachon","tag-bateaux","tag-photo","tag-rassemblement","tag-tradition"],"_links":{"self":[{"href":"https:\/\/www.fxbodin.com\/iboga\/wp-json\/wp\/v2\/posts\/439","targetHints":{"allow":["GET"]}}],"collection":[{"href":"https:\/\/www.fxbodin.com\/iboga\/wp-json\/wp\/v2\/posts"}],"about":[{"href":"https:\/\/www.fxbodin.com\/iboga\/wp-json\/wp\/v2\/types\/post"}],"author":[{"embeddable":true,"href":"https:\/\/www.fxbodin.com\/iboga\/wp-json\/wp\/v2\/users\/1"}],"replies":[{"embeddable":true,"href":"https:\/\/www.fxbodin.com\/iboga\/wp-json\/wp\/v2\/comments?post=439"}],"version-history":[{"count":0,"href":"https:\/\/www.fxbodin.com\/iboga\/wp-json\/wp\/v2\/posts\/439\/revisions"}],"wp:featuredmedia":[{"embeddable":true,"href":"https:\/\/www.fxbodin.com\/iboga\/wp-json\/wp\/v2\/media\/6089"}],"wp:attachment":[{"href":"https:\/\/www.fxbodin.com\/iboga\/wp-json\/wp\/v2\/media?parent=439"}],"wp:term":[{"taxonomy":"category","embeddable":true,"href":"https:\/\/www.fxbodin.com\/iboga\/wp-json\/wp\/v2\/categories?post=439"},{"taxonomy":"post_tag","embeddable":true,"href":"https:\/\/www.fxbodin.com\/iboga\/wp-json\/wp\/v2\/tags?post=439"}],"curies":[{"name":"wp","href":"https:\/\/api.w.org\/{rel}","templated":true}]}}