{"id":3744,"date":"2012-02-04T20:14:44","date_gmt":"2012-02-04T19:14:44","guid":{"rendered":"http:\/\/www.fxbodin.com\/iboga\/?p=3744"},"modified":"2012-02-08T14:12:59","modified_gmt":"2012-02-08T13:12:59","slug":"adishatz-michel","status":"publish","type":"post","link":"https:\/\/www.fxbodin.com\/iboga\/mon-bassin-darcachon\/adishatz-michel-3744","title":{"rendered":"Adishatz Michel"},"content":{"rendered":"<p>Samedi 21 janvier dernier, c&rsquo;\u00e9tait l&rsquo;adishats \u00e0 Michel Lescaret, notre ami oh combien ferret-capien, grand festayre d&rsquo;entre les festayres, champion du petit monde de buch du Paquito de fin de soir\u00e9e, et g\u00e9nial promoteur de la renaissance des canots mixtes, avec son Zaza 1915, moul\u00e9 sur la Juanita II, puis son Chiu&rsquo;le Bent sur lequel il sortait pour ainsi dire tous les jours devant le Mimbeau, chevauchant les cahou\u00e8nes des passes, contournant, dans les 2 sens, sans se lasser, l&rsquo;\u00eele&#8230; Cet \u00e9t\u00e9, ni les suivants, je ne verrai pas passer Michel menant son canot au chenal le matin&#8230; M\u00eame si nous n&rsquo;\u00e9tions pas tr\u00e8s familiers, il me manque.<\/p>\n<p><a href=\"https:\/\/www.fxbodin.com\/iboga\/files\/hommage-michel-lescaret.jpg\"><img loading=\"lazy\" decoding=\"async\" src=\"https:\/\/www.fxbodin.com\/iboga\/files\/hommage-michel-lescaret-150x150.jpg\" alt=\"\" title=\"hommage michel lescaret\" width=\"150\" height=\"150\" class=\"alignnone size-thumbnail wp-image-3741\" \/><\/a>Ci-contre \u00e0 cliquer et \u00e0 lire, l&rsquo;excellent portrait par Anne Debeaumarch\u00e9 dans le D\u00e9p\u00eache du Bassin, o\u00f9 je reconnais quelques inspirations du Pdt Kerpignot ;-)<\/p>\n<p><ins datetime=\"2012-02-08T13:08:54+00:00\">Ajout du 8\/02\/2012<\/ins> \u00c0 lire : un t\u00e9moignage sensible \u00e0 propos de Michel, sur Ostreafissum : <a href=\"https:\/\/bit.ly\/waSFyY\" title=\"Le blog de Mathieu\">Mais reste donc in Peace (and Wool)<\/a><\/p>\n","protected":false},"excerpt":{"rendered":"<p>Samedi 21 janvier dernier, c&rsquo;\u00e9tait l&rsquo;adishats \u00e0 Michel Lescaret, notre ami oh combien ferret-capien, grand festayre d&rsquo;entre les festayres, champion du petit monde de buch du Paquito de fin de soir\u00e9e, et g\u00e9nial promoteur de la renaissance des canots mixtes, avec son Zaza 1915, moul\u00e9 sur la Juanita II, puis son Chiu&rsquo;le Bent sur lequel [&hellip;]<\/p>\n","protected":false},"author":1,"featured_media":3741,"comment_status":"open","ping_status":"open","sticky":false,"template":"","format":"standard","meta":{"footnotes":""},"categories":[24],"tags":[115,1009],"class_list":["post-3744","post","type-post","status-publish","format-standard","has-post-thumbnail","hentry","category-mon-bassin-darcachon","tag-amis","tag-personnage"],"_links":{"self":[{"href":"https:\/\/www.fxbodin.com\/iboga\/wp-json\/wp\/v2\/posts\/3744","targetHints":{"allow":["GET"]}}],"collection":[{"href":"https:\/\/www.fxbodin.com\/iboga\/wp-json\/wp\/v2\/posts"}],"about":[{"href":"https:\/\/www.fxbodin.com\/iboga\/wp-json\/wp\/v2\/types\/post"}],"author":[{"embeddable":true,"href":"https:\/\/www.fxbodin.com\/iboga\/wp-json\/wp\/v2\/users\/1"}],"replies":[{"embeddable":true,"href":"https:\/\/www.fxbodin.com\/iboga\/wp-json\/wp\/v2\/comments?post=3744"}],"version-history":[{"count":0,"href":"https:\/\/www.fxbodin.com\/iboga\/wp-json\/wp\/v2\/posts\/3744\/revisions"}],"wp:featuredmedia":[{"embeddable":true,"href":"https:\/\/www.fxbodin.com\/iboga\/wp-json\/wp\/v2\/media\/3741"}],"wp:attachment":[{"href":"https:\/\/www.fxbodin.com\/iboga\/wp-json\/wp\/v2\/media?parent=3744"}],"wp:term":[{"taxonomy":"category","embeddable":true,"href":"https:\/\/www.fxbodin.com\/iboga\/wp-json\/wp\/v2\/categories?post=3744"},{"taxonomy":"post_tag","embeddable":true,"href":"https:\/\/www.fxbodin.com\/iboga\/wp-json\/wp\/v2\/tags?post=3744"}],"curies":[{"name":"wp","href":"https:\/\/api.w.org\/{rel}","templated":true}]}}