{"id":2179,"date":"2011-06-19T23:08:21","date_gmt":"2011-06-19T21:08:21","guid":{"rendered":"http:\/\/www.fxbodin.com\/iboga\/?p=2179"},"modified":"2020-04-29T17:22:58","modified_gmt":"2020-04-29T16:22:58","slug":"le-fleuve-fete-les-bacs","status":"publish","type":"post","link":"https:\/\/www.fxbodin.com\/iboga\/tradition\/le-fleuve-fete-les-bacs-2179","title":{"rendered":"Le fleuve f\u00eate les bacs"},"content":{"rendered":"<p>Une Chronique qui rel\u00e8ve de mon livre d&rsquo;outre bords, de ceux que je tire sur d&rsquo;autres bateaux que mon Iboga.<\/p>\n<p>Apr\u00e8s une journ\u00e9e de samedi pass\u00e9e en terres de Buch, je me suis surpris \u00e0 prendre la route pour un RV sur l&rsquo;eau, \u00e0&#8230; Bordeaux.<\/p>\n<div id=\"attachment_6660\" style=\"width: 488px\" class=\"wp-caption alignright\"><img loading=\"lazy\" decoding=\"async\" aria-describedby=\"caption-attachment-6660\" src=\"https:\/\/www.fxbodin.com\/iboga\/files\/5846251544_bf8fee11f6_o.jpg\" alt=\"Le pont de pierre et la fl\u00e8che de St. Michel, depuis l&#039;Escalumade. #fetedufleuve #Bordeaux\" width=\"478\" height=\"640\" class=\"size-full wp-image-6660\" srcset=\"https:\/\/www.fxbodin.com\/iboga\/files\/5846251544_bf8fee11f6_o.jpg 478w, https:\/\/www.fxbodin.com\/iboga\/files\/5846251544_bf8fee11f6_o-450x603.jpg 450w\" sizes=\"auto, (max-width: 478px) 100vw, 478px\" \/><p id=\"caption-attachment-6660\" class=\"wp-caption-text\">Le pont de pierre et la fl\u00e8che de St. Michel, depuis l&rsquo;Escalumade. #fetedufleuve #Bordeaux<\/p><\/div>Invit\u00e9s par l&rsquo;organisateur de <a href=\"https:\/\/www.bordeauxfetelefleuve.com\/\">Bordeaux f\u00eate le fleuve<\/a>, les bacs \u00e0 voiles du bassin \u00e9taient en effet de la f\u00eate. Je retrouve donc au ponton Yves Parlier en aval du pont de pierre, rive droite le <a href=\"https:\/\/www.abv-president-pierre-mallet.com\/\">Pdt-Pierre-Mallet<\/a> sous les ordres de Jacky \u00ab\u00a0le bosco\u00a0\u00bb, les Copains \u00e0 bord sous le commandement de Jean, Pr\u00e9sident de l&rsquo;<a href=\"https:\/\/lacabaneajean.wordpress.com\/2011\/06\/21\/depuis-les-quais-vu-a-bordeaux\/\">ABVCMBA<\/a>, lou Corbagaou, chef d&rsquo;\u0153uvre de Jean-Fran\u00e7ois, Tante Sophie, du Ferret et bien s\u00fbr Escalumade, \u00e0 bord duquel je me suis engag\u00e9 pour le WE. Sont au ponton aussi l&rsquo;<a href=\"https:\/\/www.argonautique.org\/\">Argo II<\/a>, canots sardinier qui lui est arriv\u00e9 de Gujan par la mer, et <a href=\"https:\/\/agirousubir.blogspirit.com\/archive\/2008\/05\/06\/le-concept-d-equinovent.html\">le Voyageur \u00ab\u00a0\u00e9quinovent\u00a0\u00bb<\/a>, de Beno\u00eet Calvet.<\/p>\n<p>Sur le samedi, je ne peux trop rien raconter, je n&rsquo;\u00e9tais pas l\u00e0. Sauf qu&rsquo;il faisait un temps moins qu&rsquo;agr\u00e9able et que pas mal d&rsquo;activit\u00e9s ont d\u00fb \u00eatre annul\u00e9es. Donc une longue attente, un peu loin des festivit\u00e9s de la rive gauche. Attente mise \u00e0 profit par Jacky pour placer quelques adh\u00e9sions \u00e0 l&rsquo;ABV Pdt-Pierre-Mallet et distribuer quelques tr\u00e8s beaux articles de <a href=\"https:\/\/www.abv-president-pierre-mallet.com\/la-boutique\/\">la boutique du bac \u00e0 voile<\/a>. Ap\u00e9ro et pique nique \u00e0 bord, et le tirage du feu d&rsquo;artifice.<\/p>\n<div id=\"attachment_2180\" style=\"width: 1034px\" class=\"wp-caption aligncenter\"><a href=\"https:\/\/www.vues-aeriennes-bordeaux.fr\/2011\/06\/une-fete-du-fleuve-sans-nuages-et.html\"><img loading=\"lazy\" decoding=\"async\" aria-describedby=\"caption-attachment-2180\" src=\"https:\/\/www.fxbodin.com\/iboga\/files\/escalumade-bordeaux_2331.jpg\" alt=\"\" width=\"1024\" height=\"683\" class=\"size-full wp-image-2180\" srcset=\"https:\/\/www.fxbodin.com\/iboga\/files\/escalumade-bordeaux_2331.jpg 1024w, https:\/\/www.fxbodin.com\/iboga\/files\/escalumade-bordeaux_2331-300x200.jpg 300w\" sizes=\"auto, (max-width: 1024px) 100vw, 1024px\" \/><\/a><p id=\"caption-attachment-2180\" class=\"wp-caption-text\">L&rsquo;Escalumade \u00e0 Bordeaux f\u00eate le fleuve &#8211; 19 juin 2011 &#8211; <a href=\"https:\/\/www.vues-aeriennes-bordeaux.fr\/2011\/06\/une-fete-du-fleuve-sans-nuages-et.html\">Photo Jacques Rouaux<\/a><\/p><\/div>\n<p>Dimanche, mieux. Midi. Casse-cro\u00fbte \u00e0 bord, caf\u00e9 sur les quais en attendant que les traini\u00e8res basques aient fini leur match racing, puis appareillage pour quelques ronds dans l&rsquo;eau. Travers\u00e9e des rouleurs de barrique.<\/p>\n<p>Puis , comme le soleil commence d\u00e9j\u00e0 \u00e0 descendre, route avec le courant vers l&rsquo;aval. Une belle descente jusqu&rsquo;\u00e0 peu pr\u00e8s le bec d&rsquo;Amb\u00e8s. Demi tour pour notre RV \u00ab\u00a0en ville\u00a0\u00bb de 20:00, des invit\u00e9s \u00e0 embarquer. Mais le courant descendant ne consent pas \u00e0 renverser&#8230; m\u00eame appuy\u00e9s au moteur (quasiment toute la nave, en fait, sauf quelques moments privil\u00e9gi\u00e9s) on se tra\u00eene \u00e0 2nds. Le retard probable&#8230; Puis la renverse arrive, et le vent avec. Enfin, fa\u00e7on de vent, des ris\u00e9es plus ou moins longues entre de faibles brises refusantes. Mais bon, de quoi faire marcher le bateau \u00e0 7 nds fond, courant aidant. Nous retrouvons la flotte des bacs peu avant le pont d&rsquo;Aquitaine. Retour vers le port de la lune en flottille, tirant des bords dans l&rsquo;axe du fleuve. Nous devons donner un beau spectacle l\u00e0.<\/p>\n<div id=\"attachment_6659\" style=\"width: 650px\" class=\"wp-caption aligncenter\"><img loading=\"lazy\" decoding=\"async\" aria-describedby=\"caption-attachment-6659\" src=\"https:\/\/www.fxbodin.com\/iboga\/files\/5849492870_4990e96b35_o.jpg\" alt=\"Sous le pont d&#039;Aquitaine : le retour. #fetedufleuve #Bordeaux\" width=\"640\" height=\"478\" class=\"size-full wp-image-6659\" srcset=\"https:\/\/www.fxbodin.com\/iboga\/files\/5849492870_4990e96b35_o.jpg 640w, https:\/\/www.fxbodin.com\/iboga\/files\/5849492870_4990e96b35_o-450x336.jpg 450w\" sizes=\"auto, (max-width: 640px) 100vw, 640px\" \/><p id=\"caption-attachment-6659\" class=\"wp-caption-text\">Sous le pont d&rsquo;Aquitaine : le retour. #fetedufleuve #Bordeaux<\/p><\/div>\nVous pouvez voir <a href=\"https:\/\/www.fxbodin.com\/maps\/escalumade_fdf_2011.html\">la trace du retour, captur\u00e9e sur mon iPhone et projet\u00e9e sur Google maps<\/a>. Zoom et photos g\u00e9olocalis\u00e9es en prime.<\/p>\n<p>Finalement, \u00e0 l&rsquo;heure et m\u00eame en avance pour embarquer les invit\u00e9s \u2014 des clients du casino de Bordeaux \u2014 leur cornac et leur bouteille de champe. Cette session de vire vire dans le port de la lune restera un grand moment de sociologie.<\/p>\n<p>Enfin, c&rsquo;est le retour au ponton. Les man\u0153uvres sont impressionnantes tant les bateaux d\u00e9rapent d\u00e8s que le courant les prend de travers. Et un agr\u00e9able moment de convivialit\u00e9 jusqu&rsquo;au feu d&rsquo;artifice de cl\u00f4ture.<\/p>\n<p>Les bacs ont encore une belle semaine devant eux : une navigation en \u00e9tapes pour rallier le Verdon, \u00e0 l&#8217;embouchure de l&rsquo;estuaire de la Gironde, o\u00f9 le camion viendra les emporter vers Arcachon.<\/p>\n<p>Bravo et merci aux b\u00e9n\u00e9voles et au CNC qui se sont occup\u00e9 de d\u00e9m\u00e2ter le bac, contr\u00f4ler son embarquement sur le camion, le r\u00e9ceptionner, le r\u00e9armer \u2014\u00a0c&rsquo;est du boulot \u2014 le convoyer, et retour.<\/p>\n<p>Grand merci pour sa s\u00e9lection de <a href=\"https:\/\/www.vues-aeriennes-bordeaux.fr\/2011\/06\/une-fete-du-fleuve-sans-nuages-et.html\">photos a\u00e9riennes de la f\u00eate du fleuve, \u00e0 Jacques Rouaux<\/a> &#8211; <a href=\"https:\/\/www.api-photo.net\/\">https:\/\/www.api-photo.net\/<\/a><\/p>\n","protected":false},"excerpt":{"rendered":"<p>Une Chronique qui rel\u00e8ve de mon livre d&rsquo;outre bords, de ceux que je tire sur d&rsquo;autres bateaux que mon Iboga. Apr\u00e8s une journ\u00e9e de samedi pass\u00e9e en terres de Buch, je me suis surpris \u00e0 prendre la route pour un RV sur l&rsquo;eau, \u00e0&#8230; Bordeaux. Invit\u00e9s par l&rsquo;organisateur de Bordeaux f\u00eate le fleuve, les bacs [&hellip;]<\/p>\n","protected":false},"author":1,"featured_media":2180,"comment_status":"open","ping_status":"open","sticky":false,"template":"","format":"standard","meta":{"footnotes":""},"categories":[25],"tags":[158,212,444,423,450,469,1072],"class_list":["post-2179","post","type-post","status-publish","format-standard","has-post-thumbnail","hentry","category-tradition","tag-bacs-a-voile","tag-bordeaux","tag-fete","tag-fleuve","tag-garonne","tag-greements-traditionnels","tag-tradition"],"_links":{"self":[{"href":"https:\/\/www.fxbodin.com\/iboga\/wp-json\/wp\/v2\/posts\/2179","targetHints":{"allow":["GET"]}}],"collection":[{"href":"https:\/\/www.fxbodin.com\/iboga\/wp-json\/wp\/v2\/posts"}],"about":[{"href":"https:\/\/www.fxbodin.com\/iboga\/wp-json\/wp\/v2\/types\/post"}],"author":[{"embeddable":true,"href":"https:\/\/www.fxbodin.com\/iboga\/wp-json\/wp\/v2\/users\/1"}],"replies":[{"embeddable":true,"href":"https:\/\/www.fxbodin.com\/iboga\/wp-json\/wp\/v2\/comments?post=2179"}],"version-history":[{"count":0,"href":"https:\/\/www.fxbodin.com\/iboga\/wp-json\/wp\/v2\/posts\/2179\/revisions"}],"wp:featuredmedia":[{"embeddable":true,"href":"https:\/\/www.fxbodin.com\/iboga\/wp-json\/wp\/v2\/media\/2180"}],"wp:attachment":[{"href":"https:\/\/www.fxbodin.com\/iboga\/wp-json\/wp\/v2\/media?parent=2179"}],"wp:term":[{"taxonomy":"category","embeddable":true,"href":"https:\/\/www.fxbodin.com\/iboga\/wp-json\/wp\/v2\/categories?post=2179"},{"taxonomy":"post_tag","embeddable":true,"href":"https:\/\/www.fxbodin.com\/iboga\/wp-json\/wp\/v2\/tags?post=2179"}],"curies":[{"name":"wp","href":"https:\/\/api.w.org\/{rel}","templated":true}]}}