{"id":11,"date":"2005-09-06T15:19:21","date_gmt":"2005-09-06T13:19:21","guid":{"rendered":"http:\/\/www.fxbodin.com\/wordpress\/?p=11"},"modified":"2005-09-06T15:19:21","modified_gmt":"2005-09-06T13:19:21","slug":"mon-bassin-dans-le-coeur","status":"publish","type":"post","link":"https:\/\/www.fxbodin.com\/iboga\/mon-bassin-darcachon\/mon-bassin-dans-le-coeur-11","title":{"rendered":"Mon Bassin dans le coeur"},"content":{"rendered":"<p>Mon Bassin dans le coeur, en 5 \u00e9pisodes, 5 embarcations, 4 plans d&rsquo;eau.<\/p>\n<p>Un peu plus actif que contemplatif. La contemplation viendra avec la trentaine, le regard perdu dans l&rsquo;estey de Madone. Mais j&rsquo;anticipe.<\/p>\n<p>J&rsquo;ai moins de 10 ans.<\/p>\n<p>Je dirais&#8230; 1971 ou 72. Acteurs : mon p\u00e8re Jean-Pierre et le reste de la famille. Le \u00ab\u00a0Piouts\u00a0\u00bb est un canot \u00e0 rames avec de belles dames de nage en bronze, 4m de long (?), en forme, qui appartenait \u00e0 mon grand p\u00e8re Victor. Mon p\u00e8re nous am\u00e8ne canoter dans le port de La Teste, la canalette et, \u00e0 mar\u00e9e haute, sur les pr\u00e9s sal\u00e9s ouest, encore en eau&#8230;<\/p>\n<p>Peu de saisons plus tard. (\u00e0 suivre)<\/p>\n<p><!--more--><\/p>\n<p>Peut-\u00eatre l&rsquo;ann\u00e9e de la chanson de Souchon : \u00ab\u00a0j\u00a0\u00bbai dix ans\u00a0\u00bb.<\/p>\n<p>Acteurs : mon fr\u00e8re Vincent et notre voisin Yannick (dit \u00ab\u00a0Piouc\u00a0\u00bb) avec la complicit\u00e9 de son p\u00e8re Max (dit \u00ab\u00a0fil de masse\u00a0\u00bb sur le port). Il n&rsquo;y a toujours pas d&rsquo;arbre dans les pr\u00e9s sal\u00e9s. Par contre les voisins sont de sacr\u00e9s bricoleurs : le radeau se compose de 2 bidons de 200 l, de madriers et de palettes. La perche nous permet de nous d\u00e9placer dans les esteys des pr\u00e9s sal\u00e9s. C&rsquo;est g\u00e9nial. A cette \u00e9poque, nous allons aussi plonger dans le port de La Teste, \u00e0 mar\u00e9e haute.<\/p>\n<p>Gu\u00e8re plus tard, \u00e0 l&rsquo;Aiguillon (pas encore d\u00e9figur\u00e9 par les immeubles oranges). Je en me souviens plus la saison, mais pas l&rsquo;\u00e9t\u00e9.<\/p>\n<p>Acteurs : mon camarade de coll\u00e8ge Eric. Un d\u00e9soeuvrement momentan\u00e9 nous pousse \u00e0 chercher une b\u00eatise \u00e0  faire. Facile : un canot de parqueur nous tend ses avirons. Et hop, route vers le large jusqu&rsquo;\u00e0 la pointe du T\u00e8s ; grillage d&rsquo;une cigarette (l&rsquo;une des premi\u00e8res). Il fait assez froid ; la cigarette r\u00e9conforte. C&rsquo;est le pi\u00e8ge. Mais il faut retourner au bord et, l\u00e0, un comit\u00e9 d&rsquo;accueil hostile nous oblige \u00e0 pr\u00e9senter de balbutiantes excuses et promesses de ne pas \u00ab\u00a0le refaire\u00a0\u00bb (piquer l&rsquo;annexe, s&rsquo;entend).<\/p>\n<p>Dans ces dates, Toussaint. Temps pourri. Un stage d&rsquo;Optimist \u00e0 la jet\u00e9e d&rsquo;Eyrac. Il crachine, mes v\u00eatements sont tremp\u00e9s, j&rsquo;ai froid, le Teychan est agit\u00e9, il y a soit trop de vent soit pas assez et, malgr\u00e9 la patience et la gentillesse de M. Mandeix, je ne comprends rien \u00e0 ce qu&rsquo;on attend de moi. Je suis d\u00e9go\u00fbt\u00e9 \u00e0 vie de la voile*.<\/p>\n<p>J&rsquo;ai autour de la quatorzaine. J&rsquo;ai eu la chance de d\u00e9couvrir la planche \u00e0 voile \u00e0 l&rsquo;\u00eele Maurice. Mon p\u00e8re nous en a procur\u00e9 une, ni trop l\u00e9g\u00e8re ni trop neuve, mais suffisante pour s&rsquo;\u00e9clater. Ma base est devenue la jet\u00e9e de la Chapelle, \u00e0 Arcachon. Plusieurs saisons durant, ce seront de petits et grands raids aux alentours : le trou de Saint-Yves, la rade d&rsquo;Eyrac, P\u00e9reire, Courbey, Afrique, Pelourdey, cabanes tchanqu\u00e9es&#8230; Les lignes des p\u00e9cheurs de la Jet\u00e9es (toujours en train de r\u00e2ler ces p\u00e9cheurs !) les grosses vagues des chalutiers qui procuraient un semblant de surfs, le regard des filles sur l&rsquo;athl\u00e8te bronz\u00e9&#8230;<\/p>\n<p>* comme ce site en t\u00e9moigne abondamment :-)<\/p>\n[billet de souvenirs r\u00e9dig\u00e9 en r\u00e9ponse \u00e0 une sollicitation de Franck, sur la <a title=\"Histoire et traditions du Bassin d'Arcachon, sur yahoo groupes\" href=\"https:\/\/fr.groups.yahoo.com\/group\/histoire-traditions-bassin-arcachon\/\">liste HTBA<\/a>]\n<p>&#8212;&#8211;<\/p>\n","protected":false},"excerpt":{"rendered":"<p>Mon Bassin dans le coeur, en 5 \u00e9pisodes, 5 embarcations, 4 plans d&rsquo;eau. Un peu plus actif que contemplatif. La contemplation viendra avec la trentaine, le regard perdu dans l&rsquo;estey de Madone. Mais j&rsquo;anticipe. J&rsquo;ai moins de 10 ans. Je dirais&#8230; 1971 ou 72. Acteurs : mon p\u00e8re Jean-Pierre et le reste de la famille. [&hellip;]<\/p>\n","protected":false},"author":1,"featured_media":0,"comment_status":"open","ping_status":"closed","sticky":false,"template":"","format":"standard","meta":{"footnotes":""},"categories":[24],"tags":[183,188,505,860],"class_list":["post-11","post","type-post","status-publish","format-standard","hentry","category-mon-bassin-darcachon","tag-bassin-d-arcachon","tag-bateaux","tag-initiation","tag-souvenirs"],"_links":{"self":[{"href":"https:\/\/www.fxbodin.com\/iboga\/wp-json\/wp\/v2\/posts\/11","targetHints":{"allow":["GET"]}}],"collection":[{"href":"https:\/\/www.fxbodin.com\/iboga\/wp-json\/wp\/v2\/posts"}],"about":[{"href":"https:\/\/www.fxbodin.com\/iboga\/wp-json\/wp\/v2\/types\/post"}],"author":[{"embeddable":true,"href":"https:\/\/www.fxbodin.com\/iboga\/wp-json\/wp\/v2\/users\/1"}],"replies":[{"embeddable":true,"href":"https:\/\/www.fxbodin.com\/iboga\/wp-json\/wp\/v2\/comments?post=11"}],"version-history":[{"count":0,"href":"https:\/\/www.fxbodin.com\/iboga\/wp-json\/wp\/v2\/posts\/11\/revisions"}],"wp:attachment":[{"href":"https:\/\/www.fxbodin.com\/iboga\/wp-json\/wp\/v2\/media?parent=11"}],"wp:term":[{"taxonomy":"category","embeddable":true,"href":"https:\/\/www.fxbodin.com\/iboga\/wp-json\/wp\/v2\/categories?post=11"},{"taxonomy":"post_tag","embeddable":true,"href":"https:\/\/www.fxbodin.com\/iboga\/wp-json\/wp\/v2\/tags?post=11"}],"curies":[{"name":"wp","href":"https:\/\/api.w.org\/{rel}","templated":true}]}}